{"id":2704,"date":"2020-02-02T10:59:53","date_gmt":"2020-02-02T09:59:53","guid":{"rendered":"http:\/\/tsg-leichtathletik-rasenkraftsport.heidenheim.com\/?p=2704"},"modified":"2020-02-02T11:09:42","modified_gmt":"2020-02-02T10:09:42","slug":"24-januar-2020-winterwanderung","status":"publish","type":"post","link":"https:\/\/tsg-leichtathletik-rasenkraftsport.heidenheim.com\/index.php\/2020\/02\/02\/24-januar-2020-winterwanderung\/","title":{"rendered":"24. Januar 2020 &#8211; Winterwanderung"},"content":{"rendered":"<div class=\"fusion-fullwidth fullwidth-box fusion-builder-row-1 nonhundred-percent-fullwidth non-hundred-percent-height-scrolling\" style=\"background-color: rgba(255,255,255,0);background-position: center center;background-repeat: no-repeat;padding-top:0px;padding-right:0px;padding-bottom:0px;padding-left:0px;margin-bottom: 0px;margin-top: 0px;border-width: 0px 0px 0px 0px;border-color:#eae9e9;border-style:solid;\" ><div class=\"fusion-builder-row fusion-row\"><div class=\"fusion-layout-column fusion_builder_column fusion-builder-column-0 fusion_builder_column_1_1 1_1 fusion-one-full fusion-column-first fusion-column-last\" style=\"margin-top:0px;margin-bottom:20px;\"><div class=\"fusion-column-wrapper fusion-flex-column-wrapper-legacy\" style=\"background-position:left top;background-repeat:no-repeat;-webkit-background-size:cover;-moz-background-size:cover;-o-background-size:cover;background-size:cover;padding: 0px 0px 0px 0px;\"><div class=\"fusion-text fusion-text-1\"><p>Traditionell trafen sich unsere Sch\u00fcler und Jugendlichen zur gemeinsamen Wanderung. Dieses mal ging es vom Fischerweg \u00fcber den alten Steinbruch zur Vereinsgastst\u00e4tte, wo alle ein leckeres Buffet erwartete.<br \/>\nVielen Dank f\u00fcr den w\u00e4rmenden Punsch, der uns auf halber Strecke erwartete.<\/p>\n<\/div><style type=\"text\/css\">.fusion-gallery-1 .fusion-gallery-image {border:0px solid #f6f6f6;}<\/style><div class=\"fusion-gallery fusion-gallery-container fusion-grid-3 fusion-columns-total-7 fusion-gallery-layout-grid fusion-gallery-1\" style=\"margin:-5px;\"><div style=\"padding:5px;\" class=\"fusion-grid-column fusion-gallery-column fusion-gallery-column-3 hover-type-none\"><div class=\"fusion-gallery-image\"><a href=\"https:\/\/tsg-leichtathletik-rasenkraftsport.heidenheim.com\/wp-content\/uploads\/2020\/02\/Winterwanderung2020-7.jpg\" rel=\"noreferrer\" data-rel=\"iLightbox[gallery_image_1]\" class=\"fusion-lightbox\" target=\"_self\"><img decoding=\"async\" src=\"https:\/\/tsg-leichtathletik-rasenkraftsport.heidenheim.com\/wp-content\/uploads\/2020\/02\/Winterwanderung2020-7.jpg\" width=\"960\" height=\"720\" alt=\"\" title=\"Winterwanderung2020 (7)\" aria-label=\"Winterwanderung2020 (7)\" class=\"img-responsive wp-image-2707\" srcset=\"https:\/\/tsg-leichtathletik-rasenkraftsport.heidenheim.com\/wp-content\/uploads\/2020\/02\/Winterwanderung2020-7-200x150.jpg 200w, https:\/\/tsg-leichtathletik-rasenkraftsport.heidenheim.com\/wp-content\/uploads\/2020\/02\/Winterwanderung2020-7-400x300.jpg 400w, https:\/\/tsg-leichtathletik-rasenkraftsport.heidenheim.com\/wp-content\/uploads\/2020\/02\/Winterwanderung2020-7-600x450.jpg 600w, https:\/\/tsg-leichtathletik-rasenkraftsport.heidenheim.com\/wp-content\/uploads\/2020\/02\/Winterwanderung2020-7-800x600.jpg 800w, https:\/\/tsg-leichtathletik-rasenkraftsport.heidenheim.com\/wp-content\/uploads\/2020\/02\/Winterwanderung2020-7.jpg 960w\" sizes=\"(min-width: 2200px) 100vw, (min-width: 784px) 363px, (min-width: 712px) 545px, (min-width: 640px) 712px, \" \/><\/a><\/div><\/div><div style=\"padding:5px;\" class=\"fusion-grid-column fusion-gallery-column fusion-gallery-column-3 hover-type-none\"><div class=\"fusion-gallery-image\"><a href=\"https:\/\/tsg-leichtathletik-rasenkraftsport.heidenheim.com\/wp-content\/uploads\/2020\/02\/Winterwanderung2020-1.jpg\" rel=\"noreferrer\" data-rel=\"iLightbox[gallery_image_1]\" class=\"fusion-lightbox\" target=\"_self\"><img decoding=\"async\" src=\"https:\/\/tsg-leichtathletik-rasenkraftsport.heidenheim.com\/wp-content\/uploads\/2020\/02\/Winterwanderung2020-1.jpg\" width=\"587\" height=\"440\" alt=\"\" title=\"Winterwanderung2020 (1)\" aria-label=\"Winterwanderung2020 (1)\" class=\"img-responsive wp-image-2708\" srcset=\"https:\/\/tsg-leichtathletik-rasenkraftsport.heidenheim.com\/wp-content\/uploads\/2020\/02\/Winterwanderung2020-1-200x150.jpg 200w, https:\/\/tsg-leichtathletik-rasenkraftsport.heidenheim.com\/wp-content\/uploads\/2020\/02\/Winterwanderung2020-1-400x300.jpg 400w, https:\/\/tsg-leichtathletik-rasenkraftsport.heidenheim.com\/wp-content\/uploads\/2020\/02\/Winterwanderung2020-1.jpg 587w\" sizes=\"(min-width: 2200px) 100vw, (min-width: 784px) 363px, (min-width: 712px) 545px, (min-width: 640px) 712px, \" \/><\/a><\/div><\/div><div style=\"padding:5px;\" class=\"fusion-grid-column fusion-gallery-column fusion-gallery-column-3 hover-type-none\"><div class=\"fusion-gallery-image\"><a href=\"https:\/\/tsg-leichtathletik-rasenkraftsport.heidenheim.com\/wp-content\/uploads\/2020\/02\/Winterwanderung2020-2.jpg\" rel=\"noreferrer\" data-rel=\"iLightbox[gallery_image_1]\" class=\"fusion-lightbox\" target=\"_self\"><img decoding=\"async\" src=\"https:\/\/tsg-leichtathletik-rasenkraftsport.heidenheim.com\/wp-content\/uploads\/2020\/02\/Winterwanderung2020-2.jpg\" width=\"960\" height=\"720\" alt=\"\" title=\"Winterwanderung2020 (2)\" aria-label=\"Winterwanderung2020 (2)\" class=\"img-responsive wp-image-2709\" srcset=\"https:\/\/tsg-leichtathletik-rasenkraftsport.heidenheim.com\/wp-content\/uploads\/2020\/02\/Winterwanderung2020-2-200x150.jpg 200w, https:\/\/tsg-leichtathletik-rasenkraftsport.heidenheim.com\/wp-content\/uploads\/2020\/02\/Winterwanderung2020-2-400x300.jpg 400w, https:\/\/tsg-leichtathletik-rasenkraftsport.heidenheim.com\/wp-content\/uploads\/2020\/02\/Winterwanderung2020-2-600x450.jpg 600w, https:\/\/tsg-leichtathletik-rasenkraftsport.heidenheim.com\/wp-content\/uploads\/2020\/02\/Winterwanderung2020-2-800x600.jpg 800w, https:\/\/tsg-leichtathletik-rasenkraftsport.heidenheim.com\/wp-content\/uploads\/2020\/02\/Winterwanderung2020-2.jpg 960w\" sizes=\"(min-width: 2200px) 100vw, (min-width: 784px) 363px, (min-width: 712px) 545px, (min-width: 640px) 712px, \" \/><\/a><\/div><\/div><div class=\"clearfix\"><\/div><div style=\"padding:5px;\" class=\"fusion-grid-column fusion-gallery-column fusion-gallery-column-3 hover-type-none\"><div class=\"fusion-gallery-image\"><a href=\"https:\/\/tsg-leichtathletik-rasenkraftsport.heidenheim.com\/wp-content\/uploads\/2020\/02\/Winterwanderung2020-3.jpg\" rel=\"noreferrer\" data-rel=\"iLightbox[gallery_image_1]\" class=\"fusion-lightbox\" target=\"_self\"><img decoding=\"async\" src=\"https:\/\/tsg-leichtathletik-rasenkraftsport.heidenheim.com\/wp-content\/uploads\/2020\/02\/Winterwanderung2020-3.jpg\" width=\"960\" height=\"720\" alt=\"\" title=\"Winterwanderung2020 (3)\" aria-label=\"Winterwanderung2020 (3)\" class=\"img-responsive wp-image-2710\" srcset=\"https:\/\/tsg-leichtathletik-rasenkraftsport.heidenheim.com\/wp-content\/uploads\/2020\/02\/Winterwanderung2020-3-200x150.jpg 200w, https:\/\/tsg-leichtathletik-rasenkraftsport.heidenheim.com\/wp-content\/uploads\/2020\/02\/Winterwanderung2020-3-400x300.jpg 400w, https:\/\/tsg-leichtathletik-rasenkraftsport.heidenheim.com\/wp-content\/uploads\/2020\/02\/Winterwanderung2020-3-600x450.jpg 600w, https:\/\/tsg-leichtathletik-rasenkraftsport.heidenheim.com\/wp-content\/uploads\/2020\/02\/Winterwanderung2020-3-800x600.jpg 800w, https:\/\/tsg-leichtathletik-rasenkraftsport.heidenheim.com\/wp-content\/uploads\/2020\/02\/Winterwanderung2020-3.jpg 960w\" sizes=\"(min-width: 2200px) 100vw, (min-width: 784px) 363px, (min-width: 712px) 545px, (min-width: 640px) 712px, \" \/><\/a><\/div><\/div><div style=\"padding:5px;\" class=\"fusion-grid-column fusion-gallery-column fusion-gallery-column-3 hover-type-none\"><div class=\"fusion-gallery-image\"><a href=\"https:\/\/tsg-leichtathletik-rasenkraftsport.heidenheim.com\/wp-content\/uploads\/2020\/02\/Winterwanderung2020-4.jpg\" rel=\"noreferrer\" data-rel=\"iLightbox[gallery_image_1]\" class=\"fusion-lightbox\" target=\"_self\"><img decoding=\"async\" src=\"https:\/\/tsg-leichtathletik-rasenkraftsport.heidenheim.com\/wp-content\/uploads\/2020\/02\/Winterwanderung2020-4.jpg\" width=\"960\" height=\"720\" alt=\"\" title=\"Winterwanderung2020 (4)\" aria-label=\"Winterwanderung2020 (4)\" class=\"img-responsive wp-image-2711\" srcset=\"https:\/\/tsg-leichtathletik-rasenkraftsport.heidenheim.com\/wp-content\/uploads\/2020\/02\/Winterwanderung2020-4-200x150.jpg 200w, https:\/\/tsg-leichtathletik-rasenkraftsport.heidenheim.com\/wp-content\/uploads\/2020\/02\/Winterwanderung2020-4-400x300.jpg 400w, https:\/\/tsg-leichtathletik-rasenkraftsport.heidenheim.com\/wp-content\/uploads\/2020\/02\/Winterwanderung2020-4-600x450.jpg 600w, https:\/\/tsg-leichtathletik-rasenkraftsport.heidenheim.com\/wp-content\/uploads\/2020\/02\/Winterwanderung2020-4-800x600.jpg 800w, https:\/\/tsg-leichtathletik-rasenkraftsport.heidenheim.com\/wp-content\/uploads\/2020\/02\/Winterwanderung2020-4.jpg 960w\" sizes=\"(min-width: 2200px) 100vw, (min-width: 784px) 363px, (min-width: 712px) 545px, (min-width: 640px) 712px, \" \/><\/a><\/div><\/div><div style=\"padding:5px;\" class=\"fusion-grid-column fusion-gallery-column fusion-gallery-column-3 hover-type-none\"><div class=\"fusion-gallery-image\"><a href=\"https:\/\/tsg-leichtathletik-rasenkraftsport.heidenheim.com\/wp-content\/uploads\/2020\/02\/Winterwanderung2020-5.jpg\" rel=\"noreferrer\" data-rel=\"iLightbox[gallery_image_1]\" class=\"fusion-lightbox\" target=\"_self\"><img decoding=\"async\" src=\"https:\/\/tsg-leichtathletik-rasenkraftsport.heidenheim.com\/wp-content\/uploads\/2020\/02\/Winterwanderung2020-5.jpg\" width=\"960\" height=\"720\" alt=\"\" title=\"Winterwanderung2020 (5)\" aria-label=\"Winterwanderung2020 (5)\" class=\"img-responsive wp-image-2712\" srcset=\"https:\/\/tsg-leichtathletik-rasenkraftsport.heidenheim.com\/wp-content\/uploads\/2020\/02\/Winterwanderung2020-5-200x150.jpg 200w, https:\/\/tsg-leichtathletik-rasenkraftsport.heidenheim.com\/wp-content\/uploads\/2020\/02\/Winterwanderung2020-5-400x300.jpg 400w, https:\/\/tsg-leichtathletik-rasenkraftsport.heidenheim.com\/wp-content\/uploads\/2020\/02\/Winterwanderung2020-5-600x450.jpg 600w, https:\/\/tsg-leichtathletik-rasenkraftsport.heidenheim.com\/wp-content\/uploads\/2020\/02\/Winterwanderung2020-5-800x600.jpg 800w, https:\/\/tsg-leichtathletik-rasenkraftsport.heidenheim.com\/wp-content\/uploads\/2020\/02\/Winterwanderung2020-5.jpg 960w\" sizes=\"(min-width: 2200px) 100vw, (min-width: 784px) 363px, (min-width: 712px) 545px, (min-width: 640px) 712px, \" \/><\/a><\/div><\/div><div class=\"clearfix\"><\/div><div style=\"padding:5px;\" class=\"fusion-grid-column fusion-gallery-column fusion-gallery-column-3 hover-type-none\"><div class=\"fusion-gallery-image\"><a href=\"https:\/\/tsg-leichtathletik-rasenkraftsport.heidenheim.com\/wp-content\/uploads\/2020\/02\/Winterwanderung2020-6.jpg\" rel=\"noreferrer\" data-rel=\"iLightbox[gallery_image_1]\" class=\"fusion-lightbox\" target=\"_self\"><img decoding=\"async\" src=\"https:\/\/tsg-leichtathletik-rasenkraftsport.heidenheim.com\/wp-content\/uploads\/2020\/02\/Winterwanderung2020-6.jpg\" width=\"960\" height=\"720\" alt=\"\" title=\"Winterwanderung2020 (6)\" aria-label=\"Winterwanderung2020 (6)\" class=\"img-responsive wp-image-2713\" srcset=\"https:\/\/tsg-leichtathletik-rasenkraftsport.heidenheim.com\/wp-content\/uploads\/2020\/02\/Winterwanderung2020-6-200x150.jpg 200w, https:\/\/tsg-leichtathletik-rasenkraftsport.heidenheim.com\/wp-content\/uploads\/2020\/02\/Winterwanderung2020-6-400x300.jpg 400w, https:\/\/tsg-leichtathletik-rasenkraftsport.heidenheim.com\/wp-content\/uploads\/2020\/02\/Winterwanderung2020-6-600x450.jpg 600w, https:\/\/tsg-leichtathletik-rasenkraftsport.heidenheim.com\/wp-content\/uploads\/2020\/02\/Winterwanderung2020-6-800x600.jpg 800w, https:\/\/tsg-leichtathletik-rasenkraftsport.heidenheim.com\/wp-content\/uploads\/2020\/02\/Winterwanderung2020-6.jpg 960w\" sizes=\"(min-width: 2200px) 100vw, (min-width: 784px) 363px, (min-width: 712px) 545px, (min-width: 640px) 712px, \" \/><\/a><\/div><\/div><\/div><div class=\"fusion-clearfix\"><\/div><\/div><\/div><\/div><\/div>\n","protected":false},"excerpt":{"rendered":"","protected":false},"author":12,"featured_media":2707,"comment_status":"open","ping_status":"closed","sticky":false,"template":"","format":"standard","meta":{"footnotes":""},"categories":[1,26],"tags":[],"class_list":["post-2704","post","type-post","status-publish","format-standard","has-post-thumbnail","hentry","category-allgemein","category-kinderleichtathletik"],"_links":{"self":[{"href":"https:\/\/tsg-leichtathletik-rasenkraftsport.heidenheim.com\/index.php\/wp-json\/wp\/v2\/posts\/2704","targetHints":{"allow":["GET"]}}],"collection":[{"href":"https:\/\/tsg-leichtathletik-rasenkraftsport.heidenheim.com\/index.php\/wp-json\/wp\/v2\/posts"}],"about":[{"href":"https:\/\/tsg-leichtathletik-rasenkraftsport.heidenheim.com\/index.php\/wp-json\/wp\/v2\/types\/post"}],"author":[{"embeddable":true,"href":"https:\/\/tsg-leichtathletik-rasenkraftsport.heidenheim.com\/index.php\/wp-json\/wp\/v2\/users\/12"}],"replies":[{"embeddable":true,"href":"https:\/\/tsg-leichtathletik-rasenkraftsport.heidenheim.com\/index.php\/wp-json\/wp\/v2\/comments?post=2704"}],"version-history":[{"count":3,"href":"https:\/\/tsg-leichtathletik-rasenkraftsport.heidenheim.com\/index.php\/wp-json\/wp\/v2\/posts\/2704\/revisions"}],"predecessor-version":[{"id":2714,"href":"https:\/\/tsg-leichtathletik-rasenkraftsport.heidenheim.com\/index.php\/wp-json\/wp\/v2\/posts\/2704\/revisions\/2714"}],"wp:featuredmedia":[{"embeddable":true,"href":"https:\/\/tsg-leichtathletik-rasenkraftsport.heidenheim.com\/index.php\/wp-json\/wp\/v2\/media\/2707"}],"wp:attachment":[{"href":"https:\/\/tsg-leichtathletik-rasenkraftsport.heidenheim.com\/index.php\/wp-json\/wp\/v2\/media?parent=2704"}],"wp:term":[{"taxonomy":"category","embeddable":true,"href":"https:\/\/tsg-leichtathletik-rasenkraftsport.heidenheim.com\/index.php\/wp-json\/wp\/v2\/categories?post=2704"},{"taxonomy":"post_tag","embeddable":true,"href":"https:\/\/tsg-leichtathletik-rasenkraftsport.heidenheim.com\/index.php\/wp-json\/wp\/v2\/tags?post=2704"}],"curies":[{"name":"wp","href":"https:\/\/api.w.org\/{rel}","templated":true}]}}