{"id":4508,"date":"2026-04-27T17:50:54","date_gmt":"2026-04-27T15:50:54","guid":{"rendered":"https:\/\/tsg-leichtathletik-rasenkraftsport.heidenheim.com\/?p=4508"},"modified":"2026-04-29T17:52:55","modified_gmt":"2026-04-29T15:52:55","slug":"25-april-2026-schnaitheimer-fruehlingslauf","status":"publish","type":"post","link":"https:\/\/tsg-leichtathletik-rasenkraftsport.heidenheim.com\/index.php\/2026\/04\/27\/25-april-2026-schnaitheimer-fruehlingslauf\/","title":{"rendered":"<strong>25. April 2026<\/strong> &#8211; Schnaitheimer Fr\u00fchlingslauf"},"content":{"rendered":"<div class=\"fusion-fullwidth fullwidth-box fusion-builder-row-1 fusion-flex-container nonhundred-percent-fullwidth non-hundred-percent-height-scrolling\" style=\"background-color: rgba(255,255,255,0);background-position: center center;background-repeat: no-repeat;border-width: 0px 0px 0px 0px;border-color:#eae9e9;border-style:solid;\" ><div class=\"fusion-builder-row fusion-row fusion-flex-align-items-flex-start\" style=\"max-width:1144px;margin-left: calc(-4% \/ 2 );margin-right: calc(-4% \/ 2 );\"><div class=\"fusion-layout-column fusion_builder_column fusion-builder-column-0 fusion_builder_column_1_1 1_1 fusion-flex-column\"><div class=\"fusion-column-wrapper fusion-flex-justify-content-flex-start fusion-content-layout-column\" style=\"background-position:left top;background-repeat:no-repeat;-webkit-background-size:cover;-moz-background-size:cover;-o-background-size:cover;background-size:cover;padding: 0px 0px 0px 0px;\"><div class=\"fusion-text fusion-text-1\"><p style=\"font-weight: 400;\"><strong>\u201eHauch von Hollywood\u201c: Diese kuriosen Geschichten brachte der Fr\u00fchlingslauf in Schnaitheim hervor<\/strong><\/p>\n<p style=\"font-weight: 400;\">Lautstark feierte Simon Abele von seiner Moderatorenkanzel eigentlich jeden der 376 L\u00e4uferinnen und L\u00e4ufer, die beim\u00a019. Fr\u00fchlingslauf der TSG Schnaitheim\u00a0auf dem Moldenberg erleichtert \u00fcber die Ziellinie eilten. \u201eEs war eine gel\u00f6ste Stimmung, es war nat\u00fcrlich unglaubliches Wetter und insgesamt ein perfekter Samstag\u201c, sagte der Abteilungsleiter der TSG-Leichtathleten und Rasenkraftsportler. Den sportlichen Beitrag dazu lieferten die Topl\u00e4uferinnen und -l\u00e4ufer aus dem Landkreis. Im Hauptlauf \u00fcber zehn Kilometer und im Fitnesslauf \u00fcber f\u00fcnf Kilometer dominierte die TSG Giengen die Siegerpodeste.<\/p>\n<p style=\"font-weight: 400;\">Auf der langen Strecke distanzierte Ciara Elsholtz mit einer Zeit von 40:12 Minuten ihre beiden Vereinskolleginnen Jacqueline Wiedemann (41:31) und Annika Renner (42:43) auf die Pl\u00e4tze zwei und drei. TSG-Dauerbrenner Max Feinauer bejubelte nach 34:15 Minuten ebenfalls seinen zweiten Sieg in der\u00a0aktuellen Laufcup-Saison. Dahinter folgten Rouven Emmerich (T\u00fcbingen\/36:07) und Torsten Hau\u00dfmann (TSG Schnaitheim\/36:20).<\/p>\n<p style=\"font-weight: 400;\"><strong>Die TSG Giengen dominiert die Siegerpodeste<\/strong><\/p>\n<p style=\"font-weight: 400;\">Mit einem ordentlichen Vorsprung erreichte Madlen Hirsch beim Fitnesslauf das Ziel: In 19:06 Minuten siegte die Laufcup-Gesamtsiegerin aus dem Vorjahr vor Lisa Marie Schilk und Lena Thierer (alle TSG Giengen). Den vierten Giengener Sieg machte Tim Hauser in 17:09 Minuten perfekt. 17 Sekunden sp\u00e4ter lief Sascha Ba\u00df (ebenfalls TSG) ein. Luis Wolf aus T\u00fcbingen komplettierte das Podest (17:57).<\/p>\n<p style=\"font-weight: 400;\">Der Siegeszug der TSG ging auf der Trailstrecke weiter: Sina Hiller (57:13) distanzierte Sandra Posmik (Social Run Club HDH\/1:00:46) und Silvia Deeg (RSV Oggenhausen\/1:01:25). Den Giengener Sechsfachsieg verhinderte Lukas Diebold: Der Topl\u00e4ufer des TV H\u00fcrben gewann auch den zweiten Traillauf im Landkreis in einer starken Zeit von 47:17 Minuten. Lokalmatador Stefan Ruttmann (TSG Schnaitheim\/53:49) wurde Zweiter, knapp dahinter folgte Christian Wagenblast (SVG Fachsenfeld\/54:17). Zudem sorgte die Familie Diebold f\u00fcr eine besondere Geschichte: Mutter Andrea lief n\u00e4mlich als \u201eSchlussl\u00e4uferin\u201c ins Ziel. \u201eLukas verteidigt seinen Titel und seine Mama kommt dann als Letzte an\u201c, sagte Simon Abele. \u201eSie liegen sich im Ziel in den Armen, das hatte einen Hauch von Hollywood.\u201c<\/p>\n<\/div><\/div><style type=\"text\/css\">.fusion-body .fusion-builder-column-0{width:100% !important;margin-top : 0px;margin-bottom : 20px;}.fusion-builder-column-0 > .fusion-column-wrapper {padding-top : 0px !important;padding-right : 0px !important;margin-right : 1.92%;padding-bottom : 0px !important;padding-left : 0px !important;margin-left : 1.92%;}@media only screen and (max-width:1024px) {.fusion-body .fusion-builder-column-0{width:100% !important;order : 0;}.fusion-builder-column-0 > .fusion-column-wrapper {margin-right : 1.92%;margin-left : 1.92%;}}@media only screen and (max-width:640px) {.fusion-body .fusion-builder-column-0{width:100% !important;order : 0;}.fusion-builder-column-0 > .fusion-column-wrapper {margin-right : 1.92%;margin-left : 1.92%;}}<\/style><\/div><\/div><style type=\"text\/css\">.fusion-body .fusion-flex-container.fusion-builder-row-1{ padding-top : 0px;margin-top : 0px;padding-right : 0px;padding-bottom : 0px;margin-bottom : 0px;padding-left : 0px;}<\/style><\/div>\n","protected":false},"excerpt":{"rendered":"","protected":false},"author":12,"featured_media":0,"comment_status":"open","ping_status":"closed","sticky":false,"template":"","format":"standard","meta":{"footnotes":""},"categories":[25],"tags":[],"class_list":["post-4508","post","type-post","status-publish","format-standard","hentry","category-laufveranstaltung"],"_links":{"self":[{"href":"https:\/\/tsg-leichtathletik-rasenkraftsport.heidenheim.com\/index.php\/wp-json\/wp\/v2\/posts\/4508","targetHints":{"allow":["GET"]}}],"collection":[{"href":"https:\/\/tsg-leichtathletik-rasenkraftsport.heidenheim.com\/index.php\/wp-json\/wp\/v2\/posts"}],"about":[{"href":"https:\/\/tsg-leichtathletik-rasenkraftsport.heidenheim.com\/index.php\/wp-json\/wp\/v2\/types\/post"}],"author":[{"embeddable":true,"href":"https:\/\/tsg-leichtathletik-rasenkraftsport.heidenheim.com\/index.php\/wp-json\/wp\/v2\/users\/12"}],"replies":[{"embeddable":true,"href":"https:\/\/tsg-leichtathletik-rasenkraftsport.heidenheim.com\/index.php\/wp-json\/wp\/v2\/comments?post=4508"}],"version-history":[{"count":2,"href":"https:\/\/tsg-leichtathletik-rasenkraftsport.heidenheim.com\/index.php\/wp-json\/wp\/v2\/posts\/4508\/revisions"}],"predecessor-version":[{"id":4510,"href":"https:\/\/tsg-leichtathletik-rasenkraftsport.heidenheim.com\/index.php\/wp-json\/wp\/v2\/posts\/4508\/revisions\/4510"}],"wp:attachment":[{"href":"https:\/\/tsg-leichtathletik-rasenkraftsport.heidenheim.com\/index.php\/wp-json\/wp\/v2\/media?parent=4508"}],"wp:term":[{"taxonomy":"category","embeddable":true,"href":"https:\/\/tsg-leichtathletik-rasenkraftsport.heidenheim.com\/index.php\/wp-json\/wp\/v2\/categories?post=4508"},{"taxonomy":"post_tag","embeddable":true,"href":"https:\/\/tsg-leichtathletik-rasenkraftsport.heidenheim.com\/index.php\/wp-json\/wp\/v2\/tags?post=4508"}],"curies":[{"name":"wp","href":"https:\/\/api.w.org\/{rel}","templated":true}]}}